[{"@context":"https:\/\/schema.org\/","@type":"Article","@id":"https:\/\/www.rojko.sk\/tasky-na-kazdu-prilezitost\/#Article","mainEntityOfPage":"https:\/\/www.rojko.sk\/tasky-na-kazdu-prilezitost\/","headline":"Ta\u0161ky na ka\u017ed\u00fa pr\u00edle\u017eitos\u0165","name":"Ta\u0161ky na ka\u017ed\u00fa pr\u00edle\u017eitos\u0165","description":"\u013dudia nosia so sebou ta\u0161ky z r\u00f4znych d\u00f4vodov. Niektor\u00ed iba kv\u00f4li trendu, in\u00ed aj z praktickej\u0161\u00edch d\u00f4vodov. Nosenie kabeliek je typick\u00e9 najm\u00e4 pre \u017eeny, ke\u010f\u017ee ako v\u0161etci dobre vieme, tie s\u00fa zvyknut\u00e9 si so sebou von \u010di do pr\u00e1ce nosi\u0165 polovicu svojho \u017eivota. Do kabelky si nah\u00e1d\u017eu v\u0161etky svoje kozmetick\u00e9 doplnky, vr\u00e1tane mili\u00f3nov \u010fal\u0161\u00edch vec\u00ed [&hellip;]","datePublished":"2019-07-19","dateModified":"2023-09-20","author":{"@type":"Person","@id":"https:\/\/www.rojko.sk\/author\/devene\/#Person","name":"devene","url":"https:\/\/www.rojko.sk\/author\/devene\/","identifier":1,"image":{"@type":"ImageObject","@id":"https:\/\/secure.gravatar.com\/avatar\/06473a178d94fb830b46e277369729e9534f2612e261ec2f1ee96b672ef473e2?s=96&d=mm&r=g","url":"https:\/\/secure.gravatar.com\/avatar\/06473a178d94fb830b46e277369729e9534f2612e261ec2f1ee96b672ef473e2?s=96&d=mm&r=g","height":96,"width":96}},"publisher":{"@type":"Organization","name":"rojko.sk","logo":{"@type":"ImageObject","@id":"\/logo.png","url":"\/logo.png","width":600,"height":60}},"image":{"@type":"ImageObject","@id":"https:\/\/www.rojko.sk\/wp-content\/uploads\/img_a305206_w16725_t1566472268.jpg","url":"https:\/\/www.rojko.sk\/wp-content\/uploads\/img_a305206_w16725_t1566472268.jpg","height":0,"width":0},"url":"https:\/\/www.rojko.sk\/tasky-na-kazdu-prilezitost\/","wordCount":438,"articleBody":" \u013dudia nosia so sebou ta\u0161ky z r\u00f4znych d\u00f4vodov. Niektor\u00ed iba kv\u00f4li trendu, in\u00ed aj z praktickej\u0161\u00edch d\u00f4vodov. Nosenie kabeliek je typick\u00e9 najm\u00e4 pre \u017eeny, ke\u010f\u017ee ako v\u0161etci dobre vieme, tie s\u00fa zvyknut\u00e9 si so sebou von \u010di do pr\u00e1ce nosi\u0165 polovicu svojho \u017eivota. Do kabelky si nah\u00e1d\u017eu v\u0161etky svoje kozmetick\u00e9 doplnky, vr\u00e1tane mili\u00f3nov \u010fal\u0161\u00edch vec\u00ed od v\u00fdmyslu sveta, aby im ni\u010d nech\u00fdbalo v pr\u00edpade akejko\u013evek \u017eivotnej situ\u00e1cie.  In\u00ed \u013eudia si so sebou zober\u00fa ta\u0161ku len kv\u00f4li trendu a \u0161t\u00fdlu, preto\u017ee dokonale dop\u013a\u0148a ich look, aj ke\u010f v nej maj len p\u00e1r vec\u00ed, ktor\u00e9 by ma\u0165 nemuseli, alebo by ich odniesli aj v ruk\u00e1ch. Pravda je v\u0161ak tak\u00e1, \u017ee nech ideme kamko\u013evek, nejak\u00e9 veci so sebou m\u00e1me st\u00e1le. Nie v\u017edy v\u0161ak m\u00e1me priestor, kam si ich m\u00f4\u017eeme da\u0165. Aj ke\u010f ide iba o oby\u010dajn\u00e9 vreckovky, pe\u0148a\u017eenky a mobiln\u00fd telef\u00f3n, s\u00fa to tie\u017e veci ktor\u00e9 potrebujeme so sebou nosi\u0165. T\u00fdm sa aj dost\u00e1vame k najd\u00f4le\u017eitej\u0161ej, funk\u010dnej \u010dasti ta\u0161ky. S\u00fa v\u00fdborn\u00e9, preto\u017ee dr\u017eia v\u0161etky na\u0161e osobn\u00e9, d\u00f4le\u017eit\u00e9 veci pokope, m\u00e1me ich st\u00e1le pri sebe a pod doh\u013eadom a nem\u00f4\u017ee sa n\u00e1m preto sta\u0165, \u017ee by sme na nie\u010do zabudli, alebo nie\u010do stratili. Tak\u00e9to ta\u0161ky, nie kabelky nosia aj mu\u017ei, nie len \u017eeny. Pravda je predsa tak\u00e1, \u017ee aj mu\u017ei si niekam potrebuj\u00fa svoje veci odlo\u017ei\u0165. Je zvy\u010dajne ve\u013emi nepraktick\u00e9 a nepohodln\u00e9 nosi\u0165 ve\u013ea vec\u00ed po va\u010dkov, z ktor\u00fdch m\u00f4\u017eu ka\u017ed\u00fa chv\u00ed\u013eu vypadn\u00fa\u0165.P\u00e1nske ta\u0161ky cez rameno s\u00fa presne tou spr\u00e1vnou vo\u013ebou, ke\u010f chcete miesto na uskladnenie t\u00fdchto d\u00f4le\u017eit\u00fdch vec\u00ed a nechcete ma\u0165 pritom pocit https:\/\/www.joj.sk\/do-kolien\/i\/293929-po-tychto-slovach-radsej-polovica-divakov-prepla  \u017ee m\u00e1te kabelku. P\u00e1nske ko\u017een\u00e9 ta\u0161ky maj\u00fa od d\u00e1mskej kabelky hne\u010f na prv\u00fd poh\u013ead ve\u013emi \u010faleko, svojim \u0161t\u00fdlom aj preveden\u00edm s\u00fa vhodn\u00e9 pre ka\u017ed\u00e9ho mu\u017ea, v ka\u017edom veku, \u010di u\u017e ste p\u00e1n, alebo ml\u00e1denec. Na svoje si pr\u00eddete \u010di m\u00e1te rad\u0161ej \u0161portov\u00fd alebo elegantn\u00fd \u0161t\u00fdl, preto\u017ee m\u00e1te na v\u00fdber z klasickej \u010diernej, ktor\u00e1 sa hod\u00ed ku v\u0161etk\u00e9mu, ale aj \u0161portovej\u0161ej a v\u00fdraznej\u0161ej hnedej. Vyberte si t\u00fa svoju e\u0161te dnes.                                                                                                                                                                                                                                                                                                                                                                                          4\/5 - (2 votes)        "},{"@context":"https:\/\/schema.org\/","@type":"BreadcrumbList","itemListElement":[{"@type":"ListItem","position":1,"name":"Ta\u0161ky na ka\u017ed\u00fa pr\u00edle\u017eitos\u0165","item":"https:\/\/www.rojko.sk\/tasky-na-kazdu-prilezitost\/#breadcrumbitem"}]}]