{"@context":"https:\/\/schema.org\/","@type":"CollectionPage","@id":"https:\/\/www.rojko.sk\/nakupy\/#CollectionPage","headline":"N\u00e1kupy Category","description":"","url":"https:\/\/www.rojko.sk\/nakupy\/","hasPart":[{"@type":"Article","@id":"https:\/\/www.rojko.sk\/chcete-byt-svojou-oblubenou-vonou-obklopeny-cely-den\/","headline":"Chcete by\u0165 svojou ob\u013e\u00fabenou v\u00f4\u0148ou obklopen\u00fd cel\u00fd de\u0148?","url":"https:\/\/www.rojko.sk\/chcete-byt-svojou-oblubenou-vonou-obklopeny-cely-den\/","datePublished":"2025-07-16","dateModified":"2025-07-16","mainEntityOfPage":"https:\/\/www.rojko.sk\/chcete-byt-svojou-oblubenou-vonou-obklopeny-cely-den\/","author":{"@type":"Person","@id":"https:\/\/www.rojko.sk\/author\/devene\/#Person","name":"devene","url":"https:\/\/www.rojko.sk\/author\/devene\/","identifier":1,"image":{"@type":"ImageObject","@id":"https:\/\/secure.gravatar.com\/avatar\/06473a178d94fb830b46e277369729e9534f2612e261ec2f1ee96b672ef473e2?s=96&d=mm&r=g","url":"https:\/\/secure.gravatar.com\/avatar\/06473a178d94fb830b46e277369729e9534f2612e261ec2f1ee96b672ef473e2?s=96&d=mm&r=g","height":96,"width":96}},"publisher":{"@type":"Organization","name":"rojko.sk","logo":{"@type":"ImageObject","@id":"\/logo.png","url":"\/logo.png","width":600,"height":60}},"image":{"@type":"ImageObject","@id":"https:\/\/www.rojko.sk\/wp-content\/uploads\/bianchi_1_4jL7fb.jpg","url":"https:\/\/www.rojko.sk\/wp-content\/uploads\/bianchi_1_4jL7fb.jpg","height":0,"width":0},"keywords":null},{"@type":"Article","@id":"https:\/\/www.rojko.sk\/posuvne-dvere\/","headline":"Posuvn\u00e9 dvere","url":"https:\/\/www.rojko.sk\/posuvne-dvere\/","datePublished":"2022-08-27","dateModified":"2023-04-28","mainEntityOfPage":"https:\/\/www.rojko.sk\/posuvne-dvere\/","author":{"@type":"Person","@id":"https:\/\/www.rojko.sk\/author\/devene\/#Person","name":"devene","url":"https:\/\/www.rojko.sk\/author\/devene\/","identifier":1,"image":{"@type":"ImageObject","@id":"https:\/\/secure.gravatar.com\/avatar\/06473a178d94fb830b46e277369729e9534f2612e261ec2f1ee96b672ef473e2?s=96&d=mm&r=g","url":"https:\/\/secure.gravatar.com\/avatar\/06473a178d94fb830b46e277369729e9534f2612e261ec2f1ee96b672ef473e2?s=96&d=mm&r=g","height":96,"width":96}},"publisher":{"@type":"Organization","name":"rojko.sk","logo":{"@type":"ImageObject","@id":"\/logo.png","url":"\/logo.png","width":600,"height":60}},"image":{"@type":"ImageObject","@id":"https:\/\/www.rojko.sk\/wp-content\/uploads\/living-room-g4b8b0143a_640.jpg","url":"https:\/\/www.rojko.sk\/wp-content\/uploads\/living-room-g4b8b0143a_640.jpg","height":0,"width":0},"keywords":null},{"@type":"Article","@id":"https:\/\/www.rojko.sk\/budte-stylovy-aj-v-zime\/","headline":"Bu\u010fte \u0161t\u00fdlov\u00fd aj v zime","url":"https:\/\/www.rojko.sk\/budte-stylovy-aj-v-zime\/","datePublished":"2022-08-13","dateModified":"2023-07-03","mainEntityOfPage":"https:\/\/www.rojko.sk\/budte-stylovy-aj-v-zime\/","author":{"@type":"Person","@id":"https:\/\/www.rojko.sk\/author\/devene\/#Person","name":"devene","url":"https:\/\/www.rojko.sk\/author\/devene\/","identifier":1,"image":{"@type":"ImageObject","@id":"https:\/\/secure.gravatar.com\/avatar\/06473a178d94fb830b46e277369729e9534f2612e261ec2f1ee96b672ef473e2?s=96&d=mm&r=g","url":"https:\/\/secure.gravatar.com\/avatar\/06473a178d94fb830b46e277369729e9534f2612e261ec2f1ee96b672ef473e2?s=96&d=mm&r=g","height":96,"width":96}},"publisher":{"@type":"Organization","name":"rojko.sk","logo":{"@type":"ImageObject","@id":"\/logo.png","url":"\/logo.png","width":600,"height":60}},"image":{"@type":"ImageObject","@id":"https:\/\/www.rojko.sk\/wp-content\/uploads\/cold-2557521__340.jpg","url":"https:\/\/www.rojko.sk\/wp-content\/uploads\/cold-2557521__340.jpg","height":0,"width":0},"keywords":null},{"@type":"Article","@id":"https:\/\/www.rojko.sk\/pravidelna-strava-pocas-pracovneho-tyzdna-musi-byt\/","headline":"Pravideln\u00e1 strava po\u010das pracovn\u00e9ho t\u00fd\u017ed\u0148a mus\u00ed by\u0165!","url":"https:\/\/www.rojko.sk\/pravidelna-strava-pocas-pracovneho-tyzdna-musi-byt\/","datePublished":"2022-07-07","dateModified":"2023-04-28","mainEntityOfPage":"https:\/\/www.rojko.sk\/pravidelna-strava-pocas-pracovneho-tyzdna-musi-byt\/","author":{"@type":"Person","@id":"https:\/\/www.rojko.sk\/author\/devene\/#Person","name":"devene","url":"https:\/\/www.rojko.sk\/author\/devene\/","identifier":1,"image":{"@type":"ImageObject","@id":"https:\/\/secure.gravatar.com\/avatar\/06473a178d94fb830b46e277369729e9534f2612e261ec2f1ee96b672ef473e2?s=96&d=mm&r=g","url":"https:\/\/secure.gravatar.com\/avatar\/06473a178d94fb830b46e277369729e9534f2612e261ec2f1ee96b672ef473e2?s=96&d=mm&r=g","height":96,"width":96}},"publisher":{"@type":"Organization","name":"rojko.sk","logo":{"@type":"ImageObject","@id":"\/logo.png","url":"\/logo.png","width":600,"height":60}},"image":{"@type":"ImageObject","@id":"https:\/\/www.rojko.sk\/wp-content\/uploads\/pexels-ella-olsson-1640777.jpg","url":"https:\/\/www.rojko.sk\/wp-content\/uploads\/pexels-ella-olsson-1640777.jpg","height":0,"width":0},"keywords":null}]}